{"id":555,"date":"2022-03-15T00:30:51","date_gmt":"2022-03-14T23:30:51","guid":{"rendered":"https:\/\/rita-comics.com\/?p=555"},"modified":"2022-03-15T00:30:52","modified_gmt":"2022-03-14T23:30:52","slug":"rita-057-cest-pour-tres-bientot","status":"publish","type":"post","link":"https:\/\/rita-comics.com\/?p=555","title":{"rendered":"Rita #0:57, c&#8217;est pour tr\u00e8s bient\u00f4t !"},"content":{"rendered":"\n<p>\u00c7a y est le recueil principal est parti \u00e0 l&#8217;impression, et la jaquette en s\u00e9rigraphie, sign\u00e9e Charles Berb\u00e9rian, est d\u00e9j\u00e0 l\u00e0. \u00a1 Alegria !<\/p>\n\n\n\n<figure class=\"wp-block-image size-large is-resized\"><img loading=\"lazy\" decoding=\"async\" src=\"https:\/\/rita-comics.com\/wp-content\/uploads\/2022\/03\/Capture-de\u0301cran-2022-03-15-a\u0300-00.26.04-1024x366.png\" alt=\"\" class=\"wp-image-556\" width=\"1292\" height=\"461\" srcset=\"https:\/\/rita-comics.com\/wp-content\/uploads\/2022\/03\/Capture-de\u0301cran-2022-03-15-a\u0300-00.26.04-1024x366.png 1024w, https:\/\/rita-comics.com\/wp-content\/uploads\/2022\/03\/Capture-de\u0301cran-2022-03-15-a\u0300-00.26.04-300x107.png 300w, https:\/\/rita-comics.com\/wp-content\/uploads\/2022\/03\/Capture-de\u0301cran-2022-03-15-a\u0300-00.26.04-768x274.png 768w, https:\/\/rita-comics.com\/wp-content\/uploads\/2022\/03\/Capture-de\u0301cran-2022-03-15-a\u0300-00.26.04-1536x548.png 1536w, https:\/\/rita-comics.com\/wp-content\/uploads\/2022\/03\/Capture-de\u0301cran-2022-03-15-a\u0300-00.26.04-2048x731.png 2048w, https:\/\/rita-comics.com\/wp-content\/uploads\/2022\/03\/Capture-de\u0301cran-2022-03-15-a\u0300-00.26.04-350x125.png 350w, https:\/\/rita-comics.com\/wp-content\/uploads\/2022\/03\/Capture-de\u0301cran-2022-03-15-a\u0300-00.26.04-168x60.png 168w, https:\/\/rita-comics.com\/wp-content\/uploads\/2022\/03\/Capture-de\u0301cran-2022-03-15-a\u0300-00.26.04-252x90.png 252w\" sizes=\"auto, (max-width: 767px) 89vw, (max-width: 1000px) 54vw, (max-width: 1071px) 543px, 580px\" \/><\/figure>\n","protected":false},"excerpt":{"rendered":"<p>\u00c7a y est le recueil principal est parti \u00e0 l&#8217;impression, et la jaquette en s\u00e9rigraphie, sign\u00e9e Charles Berb\u00e9rian, est d\u00e9j\u00e0 l\u00e0. \u00a1 Alegria !<\/p>\n","protected":false},"author":1,"featured_media":0,"comment_status":"closed","ping_status":"closed","sticky":false,"template":"","format":"standard","meta":{"footnotes":""},"categories":[1],"tags":[],"class_list":["post-555","post","type-post","status-publish","format-standard","hentry","category-non-classe"],"_links":{"self":[{"href":"https:\/\/rita-comics.com\/index.php?rest_route=\/wp\/v2\/posts\/555","targetHints":{"allow":["GET"]}}],"collection":[{"href":"https:\/\/rita-comics.com\/index.php?rest_route=\/wp\/v2\/posts"}],"about":[{"href":"https:\/\/rita-comics.com\/index.php?rest_route=\/wp\/v2\/types\/post"}],"author":[{"embeddable":true,"href":"https:\/\/rita-comics.com\/index.php?rest_route=\/wp\/v2\/users\/1"}],"replies":[{"embeddable":true,"href":"https:\/\/rita-comics.com\/index.php?rest_route=%2Fwp%2Fv2%2Fcomments&post=555"}],"version-history":[{"count":1,"href":"https:\/\/rita-comics.com\/index.php?rest_route=\/wp\/v2\/posts\/555\/revisions"}],"predecessor-version":[{"id":557,"href":"https:\/\/rita-comics.com\/index.php?rest_route=\/wp\/v2\/posts\/555\/revisions\/557"}],"wp:attachment":[{"href":"https:\/\/rita-comics.com\/index.php?rest_route=%2Fwp%2Fv2%2Fmedia&parent=555"}],"wp:term":[{"taxonomy":"category","embeddable":true,"href":"https:\/\/rita-comics.com\/index.php?rest_route=%2Fwp%2Fv2%2Fcategories&post=555"},{"taxonomy":"post_tag","embeddable":true,"href":"https:\/\/rita-comics.com\/index.php?rest_route=%2Fwp%2Fv2%2Ftags&post=555"}],"curies":[{"name":"wp","href":"https:\/\/api.w.org\/{rel}","templated":true}]}}